{"id":9057,"date":"2022-12-19T14:32:09","date_gmt":"2022-12-19T13:32:09","guid":{"rendered":"https:\/\/www.ferrycroatia.com\/en\/?p=9057"},"modified":"2022-12-19T14:35:29","modified_gmt":"2022-12-19T13:35:29","slug":"croatia-airlines-introduces-a-new-seasonal-route-munich-brac","status":"publish","type":"post","link":"https:\/\/www.ferrycroatia.com\/en\/croatia-airlines-introduces-a-new-seasonal-route-munich-brac\/","title":{"rendered":"Croatia Airlines introduces a new seasonal route Munich &#8211; Bra\u010d"},"content":{"rendered":"<p><strong>Today, the new Bra\u010d &#8211; Munich seasonal line was presented at Bra\u010d Airport, which will be introduced in the summer flight schedule in 2023 by the national airline Croatia Airlines in cooperation with Bra\u010d Airport and other stakeholders in the Croatian tourism sector.<\/strong><\/p>\n<p>In addition to representatives of Croatia Airlines and Bra\u010d Airport, representatives of the Tourist Board of Split-Dalmatia County and the local tourist boards of<a href=\"https:\/\/www.ferrycroatia.com\/en\/bol-catamaran-port\/\"> Bol<\/a>, <a href=\"https:\/\/www.ferrycroatia.com\/en\/supetar-ferry-port\/\">Supetar<\/a>, Sutivan, Postir, Pu\u010di\u0161\u0107a and Selc, hotel groups Bluesun and Gruber-reisen and the Mayor of Bol Municipality gathered at the presentation.<\/p>\n<p>The participants discussed the implementation of joint activities related to introducing the new line Bra\u010d &#8211; Munich, which, using synergistic effects, would create a high-quality and recognizable Croatian tourist product. It was concluded that the line has significant potential, considering that this year the most foreign tourists arrived on Bra\u010d from Germany, even 5 percent more than in the pre-pandemic year 2019, and that the increase in <a href=\"https:\/\/www.ferrycroatia.com\/en\/island-brac\/\">traffic connectivity of the island of Bra\u010d<\/a> during the summer season is fully justified due to the increasing the number of available accommodation capacities and the offer on the island.<\/p>\n<p>Bra\u010d &#8211; Munich flights are planned for the period from the end of May to the first half of October 2023, once a week &#8211; on Saturdays. Dash 8-Q400 Croatia Airlines aircraft, with a capacity of 76 seats, will operate on the route.<\/p>\n<p>source: <a href=\"https:\/\/www.morski.hr\/croatia-airlines-uvodi-novu-sezonsku-liniju-munchen-brac\/\">morski.hr<\/a><\/p>\n","protected":false},"excerpt":{"rendered":"<p>Today, the new Bra\u010d &#8211; Munich seasonal line was presented at Bra\u010d Airport, which will be introduced in the summer flight schedule in 2023 by the national airline Croatia Airlines in cooperation with Bra\u010d Airport and other stakeholders in the Croatian tourism sector. In addition to representatives of Croatia Airlines and Bra\u010d Airport, representatives of [&hellip;]<\/p>\n<p><a class=\"more-link\" href=\"https:\/\/www.ferrycroatia.com\/en\/croatia-airlines-introduces-a-new-seasonal-route-munich-brac\/\"> Continue reading&#8230;<\/a><\/p>\n","protected":false},"author":14,"featured_media":9059,"comment_status":"closed","ping_status":"open","sticky":false,"template":"","format":"standard","meta":[],"categories":[6,16],"tags":[],"yoast_head":"<!-- This site is optimized with the Yoast SEO plugin v19.8 - https:\/\/yoast.com\/wordpress\/plugins\/seo\/ -->\n<title>Croatia Airlines introduces a new seasonal route Munich - Bra\u010d | Ferry Croatia<\/title>\n<meta name=\"robots\" content=\"index, follow, max-snippet:-1, max-image-preview:large, max-video-preview:-1\" \/>\n<link rel=\"canonical\" href=\"https:\/\/www.ferrycroatia.com\/en\/croatia-airlines-introduces-a-new-seasonal-route-munich-brac\/\" \/>\n<meta property=\"og:locale\" content=\"en_US\" \/>\n<meta property=\"og:type\" content=\"article\" \/>\n<meta property=\"og:title\" content=\"Croatia Airlines introduces a new seasonal route Munich - Bra\u010d | Ferry Croatia\" \/>\n<meta property=\"og:description\" content=\"Today, the new Bra\u010d &#8211; Munich seasonal line was presented at Bra\u010d Airport, which will be introduced in the summer flight schedule in 2023 by the national airline Croatia Airlines in cooperation with Bra\u010d Airport and other stakeholders in the Croatian tourism sector. In addition to representatives of Croatia Airlines and Bra\u010d Airport, representatives of [&hellip;] Continue reading...\" \/>\n<meta property=\"og:url\" content=\"https:\/\/www.ferrycroatia.com\/en\/croatia-airlines-introduces-a-new-seasonal-route-munich-brac\/\" \/>\n<meta property=\"og:site_name\" content=\"Ferry Croatia\" \/>\n<meta property=\"article:published_time\" content=\"2022-12-19T13:32:09+00:00\" \/>\n<meta property=\"article:modified_time\" content=\"2022-12-19T13:35:29+00:00\" \/>\n<meta property=\"og:image\" content=\"https:\/\/www.ferrycroatia.com\/en\/wp-content\/uploads\/2022\/12\/Croatia-Airlines.jpg\" \/>\n\t<meta property=\"og:image:width\" content=\"1024\" \/>\n\t<meta property=\"og:image:height\" content=\"633\" \/>\n\t<meta property=\"og:image:type\" content=\"image\/jpeg\" \/>\n<meta name=\"author\" content=\"Ivan Radica\" \/>\n<meta name=\"twitter:card\" content=\"summary_large_image\" \/>\n<meta name=\"twitter:label1\" content=\"Written by\" \/>\n\t<meta name=\"twitter:data1\" content=\"Ivan Radica\" \/>\n\t<meta name=\"twitter:label2\" content=\"Est. reading time\" \/>\n\t<meta name=\"twitter:data2\" content=\"1 minute\" \/>\n<script type=\"application\/ld+json\" class=\"yoast-schema-graph\">{\"@context\":\"https:\/\/schema.org\",\"@graph\":[{\"@type\":\"WebPage\",\"@id\":\"https:\/\/www.ferrycroatia.com\/en\/croatia-airlines-introduces-a-new-seasonal-route-munich-brac\/\",\"url\":\"https:\/\/www.ferrycroatia.com\/en\/croatia-airlines-introduces-a-new-seasonal-route-munich-brac\/\",\"name\":\"Croatia Airlines introduces a new seasonal route Munich - Bra\u010d | Ferry Croatia\",\"isPartOf\":{\"@id\":\"https:\/\/www.ferrycroatia.com\/en\/#website\"},\"datePublished\":\"2022-12-19T13:32:09+00:00\",\"dateModified\":\"2022-12-19T13:35:29+00:00\",\"author\":{\"@id\":\"https:\/\/www.ferrycroatia.com\/en\/#\/schema\/person\/1bce28d45f3d4b738912b3848e4b5424\"},\"breadcrumb\":{\"@id\":\"https:\/\/www.ferrycroatia.com\/en\/croatia-airlines-introduces-a-new-seasonal-route-munich-brac\/#breadcrumb\"},\"inLanguage\":\"en-US\",\"potentialAction\":[{\"@type\":\"ReadAction\",\"target\":[\"https:\/\/www.ferrycroatia.com\/en\/croatia-airlines-introduces-a-new-seasonal-route-munich-brac\/\"]}]},{\"@type\":\"BreadcrumbList\",\"@id\":\"https:\/\/www.ferrycroatia.com\/en\/croatia-airlines-introduces-a-new-seasonal-route-munich-brac\/#breadcrumb\",\"itemListElement\":[{\"@type\":\"ListItem\",\"position\":1,\"name\":\"Home\",\"item\":\"https:\/\/www.ferrycroatia.com\/en\/\"},{\"@type\":\"ListItem\",\"position\":2,\"name\":\"Croatia Airlines introduces a new seasonal route Munich &#8211; Bra\u010d\"}]},{\"@type\":\"WebSite\",\"@id\":\"https:\/\/www.ferrycroatia.com\/en\/#website\",\"url\":\"https:\/\/www.ferrycroatia.com\/en\/\",\"name\":\"Ferry Croatia\",\"description\":\"Info\u2019s and timetables - all catamarans and ferries in Croatia\",\"potentialAction\":[{\"@type\":\"SearchAction\",\"target\":{\"@type\":\"EntryPoint\",\"urlTemplate\":\"https:\/\/www.ferrycroatia.com\/en\/?s={search_term_string}\"},\"query-input\":\"required name=search_term_string\"}],\"inLanguage\":\"en-US\"},{\"@type\":\"Person\",\"@id\":\"https:\/\/www.ferrycroatia.com\/en\/#\/schema\/person\/1bce28d45f3d4b738912b3848e4b5424\",\"name\":\"Ivan Radica\",\"image\":{\"@type\":\"ImageObject\",\"inLanguage\":\"en-US\",\"@id\":\"https:\/\/www.ferrycroatia.com\/en\/#\/schema\/person\/image\/\",\"url\":\"https:\/\/secure.gravatar.com\/avatar\/f8fc4a5145286271c634cd0a6e9e1695?s=96&d=mm&r=g\",\"contentUrl\":\"https:\/\/secure.gravatar.com\/avatar\/f8fc4a5145286271c634cd0a6e9e1695?s=96&d=mm&r=g\",\"caption\":\"Ivan Radica\"},\"url\":\"https:\/\/www.ferrycroatia.com\/en\/author\/iradica\/\"}]}<\/script>\n<!-- \/ Yoast SEO plugin. -->","yoast_head_json":{"title":"Croatia Airlines introduces a new seasonal route Munich - Bra\u010d | Ferry Croatia","robots":{"index":"index","follow":"follow","max-snippet":"max-snippet:-1","max-image-preview":"max-image-preview:large","max-video-preview":"max-video-preview:-1"},"canonical":"https:\/\/www.ferrycroatia.com\/en\/croatia-airlines-introduces-a-new-seasonal-route-munich-brac\/","og_locale":"en_US","og_type":"article","og_title":"Croatia Airlines introduces a new seasonal route Munich - Bra\u010d | Ferry Croatia","og_description":"Today, the new Bra\u010d &#8211; Munich seasonal line was presented at Bra\u010d Airport, which will be introduced in the summer flight schedule in 2023 by the national airline Croatia Airlines in cooperation with Bra\u010d Airport and other stakeholders in the Croatian tourism sector. In addition to representatives of Croatia Airlines and Bra\u010d Airport, representatives of [&hellip;] Continue reading...","og_url":"https:\/\/www.ferrycroatia.com\/en\/croatia-airlines-introduces-a-new-seasonal-route-munich-brac\/","og_site_name":"Ferry Croatia","article_published_time":"2022-12-19T13:32:09+00:00","article_modified_time":"2022-12-19T13:35:29+00:00","og_image":[{"width":1024,"height":633,"url":"https:\/\/www.ferrycroatia.com\/en\/wp-content\/uploads\/2022\/12\/Croatia-Airlines.jpg","type":"image\/jpeg"}],"author":"Ivan Radica","twitter_card":"summary_large_image","twitter_misc":{"Written by":"Ivan Radica","Est. reading time":"1 minute"},"schema":{"@context":"https:\/\/schema.org","@graph":[{"@type":"WebPage","@id":"https:\/\/www.ferrycroatia.com\/en\/croatia-airlines-introduces-a-new-seasonal-route-munich-brac\/","url":"https:\/\/www.ferrycroatia.com\/en\/croatia-airlines-introduces-a-new-seasonal-route-munich-brac\/","name":"Croatia Airlines introduces a new seasonal route Munich - Bra\u010d | Ferry Croatia","isPartOf":{"@id":"https:\/\/www.ferrycroatia.com\/en\/#website"},"datePublished":"2022-12-19T13:32:09+00:00","dateModified":"2022-12-19T13:35:29+00:00","author":{"@id":"https:\/\/www.ferrycroatia.com\/en\/#\/schema\/person\/1bce28d45f3d4b738912b3848e4b5424"},"breadcrumb":{"@id":"https:\/\/www.ferrycroatia.com\/en\/croatia-airlines-introduces-a-new-seasonal-route-munich-brac\/#breadcrumb"},"inLanguage":"en-US","potentialAction":[{"@type":"ReadAction","target":["https:\/\/www.ferrycroatia.com\/en\/croatia-airlines-introduces-a-new-seasonal-route-munich-brac\/"]}]},{"@type":"BreadcrumbList","@id":"https:\/\/www.ferrycroatia.com\/en\/croatia-airlines-introduces-a-new-seasonal-route-munich-brac\/#breadcrumb","itemListElement":[{"@type":"ListItem","position":1,"name":"Home","item":"https:\/\/www.ferrycroatia.com\/en\/"},{"@type":"ListItem","position":2,"name":"Croatia Airlines introduces a new seasonal route Munich &#8211; Bra\u010d"}]},{"@type":"WebSite","@id":"https:\/\/www.ferrycroatia.com\/en\/#website","url":"https:\/\/www.ferrycroatia.com\/en\/","name":"Ferry Croatia","description":"Info\u2019s and timetables - all catamarans and ferries in Croatia","potentialAction":[{"@type":"SearchAction","target":{"@type":"EntryPoint","urlTemplate":"https:\/\/www.ferrycroatia.com\/en\/?s={search_term_string}"},"query-input":"required name=search_term_string"}],"inLanguage":"en-US"},{"@type":"Person","@id":"https:\/\/www.ferrycroatia.com\/en\/#\/schema\/person\/1bce28d45f3d4b738912b3848e4b5424","name":"Ivan Radica","image":{"@type":"ImageObject","inLanguage":"en-US","@id":"https:\/\/www.ferrycroatia.com\/en\/#\/schema\/person\/image\/","url":"https:\/\/secure.gravatar.com\/avatar\/f8fc4a5145286271c634cd0a6e9e1695?s=96&d=mm&r=g","contentUrl":"https:\/\/secure.gravatar.com\/avatar\/f8fc4a5145286271c634cd0a6e9e1695?s=96&d=mm&r=g","caption":"Ivan Radica"},"url":"https:\/\/www.ferrycroatia.com\/en\/author\/iradica\/"}]}},"_links":{"self":[{"href":"https:\/\/www.ferrycroatia.com\/en\/wp-json\/wp\/v2\/posts\/9057"}],"collection":[{"href":"https:\/\/www.ferrycroatia.com\/en\/wp-json\/wp\/v2\/posts"}],"about":[{"href":"https:\/\/www.ferrycroatia.com\/en\/wp-json\/wp\/v2\/types\/post"}],"author":[{"embeddable":true,"href":"https:\/\/www.ferrycroatia.com\/en\/wp-json\/wp\/v2\/users\/14"}],"replies":[{"embeddable":true,"href":"https:\/\/www.ferrycroatia.com\/en\/wp-json\/wp\/v2\/comments?post=9057"}],"version-history":[{"count":6,"href":"https:\/\/www.ferrycroatia.com\/en\/wp-json\/wp\/v2\/posts\/9057\/revisions"}],"predecessor-version":[{"id":9066,"href":"https:\/\/www.ferrycroatia.com\/en\/wp-json\/wp\/v2\/posts\/9057\/revisions\/9066"}],"wp:featuredmedia":[{"embeddable":true,"href":"https:\/\/www.ferrycroatia.com\/en\/wp-json\/wp\/v2\/media\/9059"}],"wp:attachment":[{"href":"https:\/\/www.ferrycroatia.com\/en\/wp-json\/wp\/v2\/media?parent=9057"}],"wp:term":[{"taxonomy":"category","embeddable":true,"href":"https:\/\/www.ferrycroatia.com\/en\/wp-json\/wp\/v2\/categories?post=9057"},{"taxonomy":"post_tag","embeddable":true,"href":"https:\/\/www.ferrycroatia.com\/en\/wp-json\/wp\/v2\/tags?post=9057"}],"curies":[{"name":"wp","href":"https:\/\/api.w.org\/{rel}","templated":true}]}}