{"id":9204,"date":"2023-03-02T14:53:30","date_gmt":"2023-03-02T13:53:30","guid":{"rendered":"https:\/\/www.ferrycroatia.com\/en\/?p=9204"},"modified":"2023-03-16T15:02:36","modified_gmt":"2023-03-16T14:02:36","slug":"pasman-island-the-second-year-of-dirada","status":"publish","type":"post","link":"https:\/\/www.ferrycroatia.com\/en\/pasman-island-the-second-year-of-dirada\/","title":{"rendered":"Pasman Island &#8211; The second year of \u0110irada"},"content":{"rendered":"\n<p>For the second time, the Tourist Board of the Municipality of <a href=\"https:\/\/www.ferrycroatia.com\/en\/island-pasman\/\">Pa\u0161man<\/a> is organizing the <strong><em>\u0110irada <\/em>recreational race\/walk <\/strong>which last year exceeded all expectations with a great turnout and great atmosphere.<\/p>\n\n\n\n<p>Two tracks, beautiful nature, great atmosphere and fun &#8211; this year&#8217;s <em>\u0110irada<\/em>, which will take place on April 30 and will be organized in two categories: <strong>\u0110irada Red <\/strong>and <strong>\u0110irada Blue<\/strong>.<\/p>\n\n\n\n<p>The \u0110irada Red race starts at 10 am while the \u0110irada Blue starts 10 minutes later. The competition&#8217;s goal is the same as last year at the <strong>Veliki Bokolj viewpoint<\/strong>, where the winners will be announced and the awards will be presented. Both are planned for 3:30 pm.<\/p>\n\n\n\n<p>The \u0110irada Red trail is 15 kilometres long and requires a higher level of fitness and experience. The 9 km and 240 m long \u0110irada Blue is suitable for beginners, but it can also be a challenge for competitors eager to race.<\/p>\n\n\n\n<p>At the finish line of the race, all participants can expect <strong>a party with a DJ and plenty of food and drinks until sunset<\/strong>, which certainly makes it worth climbing to the top.<\/p>\n\n\n\n<p>The last <strong>date for registration and payment of the entry fee is April 27<\/strong>. Those interested can register and find all the necessary information on the official website of the race, <strong>dirada.hr<\/strong>.<\/p>\n\n\n\n<p>Source: <a href=\"https:\/\/www.morski.hr\/druga-pasmanska-dirada\/\" rel=\"nofollow\">Morski.hr<\/a><\/p>\n","protected":false},"excerpt":{"rendered":"<p>For the second time, the Tourist Board of the Municipality of Pa\u0161man is organizing the \u0110irada recreational race\/walk which last year exceeded all expectations with a great turnout and great atmosphere. Two tracks, beautiful nature, great atmosphere and fun &#8211; this year&#8217;s \u0110irada, which will take place on April 30 and will be organized in [&hellip;]<\/p>\n<p><a class=\"more-link\" href=\"https:\/\/www.ferrycroatia.com\/en\/pasman-island-the-second-year-of-dirada\/\"> Continue reading&#8230;<\/a><\/p>\n","protected":false},"author":8,"featured_media":4537,"comment_status":"closed","ping_status":"open","sticky":false,"template":"","format":"standard","meta":[],"categories":[6,18],"tags":[],"yoast_head":"<!-- This site is optimized with the Yoast SEO plugin v19.8 - https:\/\/yoast.com\/wordpress\/plugins\/seo\/ -->\n<title>Pasman Island - The second year of \u0110irada | Ferry Croatia<\/title>\n<meta name=\"robots\" content=\"index, follow, max-snippet:-1, max-image-preview:large, max-video-preview:-1\" \/>\n<link rel=\"canonical\" href=\"https:\/\/www.ferrycroatia.com\/en\/pasman-island-the-second-year-of-dirada\/\" \/>\n<meta property=\"og:locale\" content=\"en_US\" \/>\n<meta property=\"og:type\" content=\"article\" \/>\n<meta property=\"og:title\" content=\"Pasman Island - The second year of \u0110irada | Ferry Croatia\" \/>\n<meta property=\"og:description\" content=\"For the second time, the Tourist Board of the Municipality of Pa\u0161man is organizing the \u0110irada recreational race\/walk which last year exceeded all expectations with a great turnout and great atmosphere. Two tracks, beautiful nature, great atmosphere and fun &#8211; this year&#8217;s \u0110irada, which will take place on April 30 and will be organized in [&hellip;] Continue reading...\" \/>\n<meta property=\"og:url\" content=\"https:\/\/www.ferrycroatia.com\/en\/pasman-island-the-second-year-of-dirada\/\" \/>\n<meta property=\"og:site_name\" content=\"Ferry Croatia\" \/>\n<meta property=\"article:published_time\" content=\"2023-03-02T13:53:30+00:00\" \/>\n<meta property=\"article:modified_time\" content=\"2023-03-16T14:02:36+00:00\" \/>\n<meta property=\"og:image\" content=\"https:\/\/www.ferrycroatia.com\/en\/wp-content\/uploads\/2020\/06\/Dobropoljana-Pasman.jpg\" \/>\n\t<meta property=\"og:image:width\" content=\"1024\" \/>\n\t<meta property=\"og:image:height\" content=\"683\" \/>\n\t<meta property=\"og:image:type\" content=\"image\/jpeg\" \/>\n<meta name=\"author\" content=\"Maja\" \/>\n<meta name=\"twitter:card\" content=\"summary_large_image\" \/>\n<meta name=\"twitter:label1\" content=\"Written by\" \/>\n\t<meta name=\"twitter:data1\" content=\"Maja\" \/>\n\t<meta name=\"twitter:label2\" content=\"Est. reading time\" \/>\n\t<meta name=\"twitter:data2\" content=\"1 minute\" \/>\n<script type=\"application\/ld+json\" class=\"yoast-schema-graph\">{\"@context\":\"https:\/\/schema.org\",\"@graph\":[{\"@type\":\"WebPage\",\"@id\":\"https:\/\/www.ferrycroatia.com\/en\/pasman-island-the-second-year-of-dirada\/\",\"url\":\"https:\/\/www.ferrycroatia.com\/en\/pasman-island-the-second-year-of-dirada\/\",\"name\":\"Pasman Island - The second year of \u0110irada | Ferry Croatia\",\"isPartOf\":{\"@id\":\"https:\/\/www.ferrycroatia.com\/en\/#website\"},\"datePublished\":\"2023-03-02T13:53:30+00:00\",\"dateModified\":\"2023-03-16T14:02:36+00:00\",\"author\":{\"@id\":\"https:\/\/www.ferrycroatia.com\/en\/#\/schema\/person\/f6c95fb3a2949a6b5f13227099bea55e\"},\"breadcrumb\":{\"@id\":\"https:\/\/www.ferrycroatia.com\/en\/pasman-island-the-second-year-of-dirada\/#breadcrumb\"},\"inLanguage\":\"en-US\",\"potentialAction\":[{\"@type\":\"ReadAction\",\"target\":[\"https:\/\/www.ferrycroatia.com\/en\/pasman-island-the-second-year-of-dirada\/\"]}]},{\"@type\":\"BreadcrumbList\",\"@id\":\"https:\/\/www.ferrycroatia.com\/en\/pasman-island-the-second-year-of-dirada\/#breadcrumb\",\"itemListElement\":[{\"@type\":\"ListItem\",\"position\":1,\"name\":\"Home\",\"item\":\"https:\/\/www.ferrycroatia.com\/en\/\"},{\"@type\":\"ListItem\",\"position\":2,\"name\":\"Pasman Island &#8211; The second year of \u0110irada\"}]},{\"@type\":\"WebSite\",\"@id\":\"https:\/\/www.ferrycroatia.com\/en\/#website\",\"url\":\"https:\/\/www.ferrycroatia.com\/en\/\",\"name\":\"Ferry Croatia\",\"description\":\"Info\u2019s and timetables - all catamarans and ferries in Croatia\",\"potentialAction\":[{\"@type\":\"SearchAction\",\"target\":{\"@type\":\"EntryPoint\",\"urlTemplate\":\"https:\/\/www.ferrycroatia.com\/en\/?s={search_term_string}\"},\"query-input\":\"required name=search_term_string\"}],\"inLanguage\":\"en-US\"},{\"@type\":\"Person\",\"@id\":\"https:\/\/www.ferrycroatia.com\/en\/#\/schema\/person\/f6c95fb3a2949a6b5f13227099bea55e\",\"name\":\"Maja\",\"image\":{\"@type\":\"ImageObject\",\"inLanguage\":\"en-US\",\"@id\":\"https:\/\/www.ferrycroatia.com\/en\/#\/schema\/person\/image\/\",\"url\":\"https:\/\/secure.gravatar.com\/avatar\/fe45841c6bf97bacebc3897e66db34d7?s=96&d=mm&r=g\",\"contentUrl\":\"https:\/\/secure.gravatar.com\/avatar\/fe45841c6bf97bacebc3897e66db34d7?s=96&d=mm&r=g\",\"caption\":\"Maja\"},\"url\":\"https:\/\/www.ferrycroatia.com\/en\/author\/maja\/\"}]}<\/script>\n<!-- \/ Yoast SEO plugin. -->","yoast_head_json":{"title":"Pasman Island - The second year of \u0110irada | Ferry Croatia","robots":{"index":"index","follow":"follow","max-snippet":"max-snippet:-1","max-image-preview":"max-image-preview:large","max-video-preview":"max-video-preview:-1"},"canonical":"https:\/\/www.ferrycroatia.com\/en\/pasman-island-the-second-year-of-dirada\/","og_locale":"en_US","og_type":"article","og_title":"Pasman Island - The second year of \u0110irada | Ferry Croatia","og_description":"For the second time, the Tourist Board of the Municipality of Pa\u0161man is organizing the \u0110irada recreational race\/walk which last year exceeded all expectations with a great turnout and great atmosphere. Two tracks, beautiful nature, great atmosphere and fun &#8211; this year&#8217;s \u0110irada, which will take place on April 30 and will be organized in [&hellip;] Continue reading...","og_url":"https:\/\/www.ferrycroatia.com\/en\/pasman-island-the-second-year-of-dirada\/","og_site_name":"Ferry Croatia","article_published_time":"2023-03-02T13:53:30+00:00","article_modified_time":"2023-03-16T14:02:36+00:00","og_image":[{"width":1024,"height":683,"url":"https:\/\/www.ferrycroatia.com\/en\/wp-content\/uploads\/2020\/06\/Dobropoljana-Pasman.jpg","type":"image\/jpeg"}],"author":"Maja","twitter_card":"summary_large_image","twitter_misc":{"Written by":"Maja","Est. reading time":"1 minute"},"schema":{"@context":"https:\/\/schema.org","@graph":[{"@type":"WebPage","@id":"https:\/\/www.ferrycroatia.com\/en\/pasman-island-the-second-year-of-dirada\/","url":"https:\/\/www.ferrycroatia.com\/en\/pasman-island-the-second-year-of-dirada\/","name":"Pasman Island - The second year of \u0110irada | Ferry Croatia","isPartOf":{"@id":"https:\/\/www.ferrycroatia.com\/en\/#website"},"datePublished":"2023-03-02T13:53:30+00:00","dateModified":"2023-03-16T14:02:36+00:00","author":{"@id":"https:\/\/www.ferrycroatia.com\/en\/#\/schema\/person\/f6c95fb3a2949a6b5f13227099bea55e"},"breadcrumb":{"@id":"https:\/\/www.ferrycroatia.com\/en\/pasman-island-the-second-year-of-dirada\/#breadcrumb"},"inLanguage":"en-US","potentialAction":[{"@type":"ReadAction","target":["https:\/\/www.ferrycroatia.com\/en\/pasman-island-the-second-year-of-dirada\/"]}]},{"@type":"BreadcrumbList","@id":"https:\/\/www.ferrycroatia.com\/en\/pasman-island-the-second-year-of-dirada\/#breadcrumb","itemListElement":[{"@type":"ListItem","position":1,"name":"Home","item":"https:\/\/www.ferrycroatia.com\/en\/"},{"@type":"ListItem","position":2,"name":"Pasman Island &#8211; The second year of \u0110irada"}]},{"@type":"WebSite","@id":"https:\/\/www.ferrycroatia.com\/en\/#website","url":"https:\/\/www.ferrycroatia.com\/en\/","name":"Ferry Croatia","description":"Info\u2019s and timetables - all catamarans and ferries in Croatia","potentialAction":[{"@type":"SearchAction","target":{"@type":"EntryPoint","urlTemplate":"https:\/\/www.ferrycroatia.com\/en\/?s={search_term_string}"},"query-input":"required name=search_term_string"}],"inLanguage":"en-US"},{"@type":"Person","@id":"https:\/\/www.ferrycroatia.com\/en\/#\/schema\/person\/f6c95fb3a2949a6b5f13227099bea55e","name":"Maja","image":{"@type":"ImageObject","inLanguage":"en-US","@id":"https:\/\/www.ferrycroatia.com\/en\/#\/schema\/person\/image\/","url":"https:\/\/secure.gravatar.com\/avatar\/fe45841c6bf97bacebc3897e66db34d7?s=96&d=mm&r=g","contentUrl":"https:\/\/secure.gravatar.com\/avatar\/fe45841c6bf97bacebc3897e66db34d7?s=96&d=mm&r=g","caption":"Maja"},"url":"https:\/\/www.ferrycroatia.com\/en\/author\/maja\/"}]}},"_links":{"self":[{"href":"https:\/\/www.ferrycroatia.com\/en\/wp-json\/wp\/v2\/posts\/9204"}],"collection":[{"href":"https:\/\/www.ferrycroatia.com\/en\/wp-json\/wp\/v2\/posts"}],"about":[{"href":"https:\/\/www.ferrycroatia.com\/en\/wp-json\/wp\/v2\/types\/post"}],"author":[{"embeddable":true,"href":"https:\/\/www.ferrycroatia.com\/en\/wp-json\/wp\/v2\/users\/8"}],"replies":[{"embeddable":true,"href":"https:\/\/www.ferrycroatia.com\/en\/wp-json\/wp\/v2\/comments?post=9204"}],"version-history":[{"count":3,"href":"https:\/\/www.ferrycroatia.com\/en\/wp-json\/wp\/v2\/posts\/9204\/revisions"}],"predecessor-version":[{"id":9255,"href":"https:\/\/www.ferrycroatia.com\/en\/wp-json\/wp\/v2\/posts\/9204\/revisions\/9255"}],"wp:featuredmedia":[{"embeddable":true,"href":"https:\/\/www.ferrycroatia.com\/en\/wp-json\/wp\/v2\/media\/4537"}],"wp:attachment":[{"href":"https:\/\/www.ferrycroatia.com\/en\/wp-json\/wp\/v2\/media?parent=9204"}],"wp:term":[{"taxonomy":"category","embeddable":true,"href":"https:\/\/www.ferrycroatia.com\/en\/wp-json\/wp\/v2\/categories?post=9204"},{"taxonomy":"post_tag","embeddable":true,"href":"https:\/\/www.ferrycroatia.com\/en\/wp-json\/wp\/v2\/tags?post=9204"}],"curies":[{"name":"wp","href":"https:\/\/api.w.org\/{rel}","templated":true}]}}