{"id":3262,"date":"2022-02-09T09:00:00","date_gmt":"2022-02-09T08:00:00","guid":{"rendered":"https:\/\/www.ferrycroatia.com\/it\/?p=3262"},"modified":"2022-02-08T20:24:08","modified_gmt":"2022-02-08T19:24:08","slug":"primo-ministro-croato-il-ponte-di-peljesac-sara-completato-a-gennaio","status":"publish","type":"post","link":"https:\/\/www.ferrycroatia.com\/it\/primo-ministro-croato-il-ponte-di-peljesac-sara-completato-a-gennaio\/","title":{"rendered":"Primo ministro croato: \u201cIl ponte di Pelje\u0161ac sar\u00e0 completato a gennaio\u201d"},"content":{"rendered":"\n<p>Dopo la sua visita al cantiere del ponte di Pelje\u0161ac, il Primo ministro croato Andrej Plenkovic ha affermato che il ponte sar\u00e0 completato verso la fine di gennaio. Anche le strade di accesso sono prossime alla fine dei lavori.<\/p>\n\n\n\n<p>Il Primo ministro ha anche aggiunto che la terza e la quarta fase sono sulla buona strada per il completamento. La terza fase si riferisce alla costruzione di strade di accesso da parte dell&#8217;azienda austriaca Strabag e della greca Avax, mentre la quarta fase si riferisce alle strade di accesso vicino a Ston, una cittadina nei pressi di <a href=\"https:\/\/www.ferrycroatia.com\/it\/penisola-di-peljesac\/\">Pelje\u0161ac<\/a>. La quarta fase dovrebbe concludersi entro l&#8217;inizio dell&#8217;autunno.<\/p>\n\n\n\n<p>Ci\u00f2 significa, ha affermato il PM, che il traffico sul ponte sar\u00e0 possibile durante la stagione estiva, quando milioni di turisti visiteranno la <a href=\"https:\/\/www.ferrycroatia.com\/it\/isole-della-croazia\/\">Croazia<\/a>. Ha anche aggiunto che ci\u00f2 significa tempi di viaggio pi\u00f9 rapidi verso il sud del paese, rendendo cos\u00ec la Croazia una destinazione automobilistica propulsiva, che \u00e8 particolarmente importante nel 2022.<\/p>\n\n\n\n<p>Durante il giro del ponte di Pelje\u0161ac era presente anche il Ministro del Mare, dei Trasporti e delle Infrastrutture Oleg Butkovic.<\/p>\n\n\n\n<p>Ha affermato: &#8220;Nonostante tutte le difficolt\u00e0 che hanno accompagnato l&#8217;inizio dell&#8217;attuazione di questo importantissimo progetto, il governo croato ha dimostrato ancora una volta di saper realizzare grandi progetti infrastrutturali che vanno oltre l&#8217;importanza nazionale e che pu\u00f2 anche mantenere le promesse!&#8221;<\/p>\n\n\n\n<p>Fonte: <a href=\"https:\/\/morski.hr\/2022\/01\/11\/ove-sezone-putovat-ce-se-preko-peljeskog-mosta\/\">morski.hr<\/a><\/p>\n","protected":false},"excerpt":{"rendered":"<p>Dopo la sua visita al cantiere del ponte di Pelje\u0161ac, il Primo ministro croato Andrej Plenkovic ha affermato che il ponte sar\u00e0 completato verso la fine di gennaio. Anche le strade di accesso sono prossime alla fine dei lavori. Il Primo ministro ha anche aggiunto che la terza e la quarta fase sono sulla buona [&hellip;]<\/p>\n<p><a class=\"more-link\" href=\"https:\/\/www.ferrycroatia.com\/it\/primo-ministro-croato-il-ponte-di-peljesac-sara-completato-a-gennaio\/\"> Continue reading&#8230;<\/a><\/p>\n","protected":false},"author":5,"featured_media":3264,"comment_status":"closed","ping_status":"open","sticky":false,"template":"","format":"standard","meta":[],"categories":[5],"tags":[],"yoast_head":"<!-- This site is optimized with the Yoast SEO plugin v19.8 - https:\/\/yoast.com\/wordpress\/plugins\/seo\/ -->\n<title>Primo ministro croato: \u201cIl ponte di Pelje\u0161ac sar\u00e0 completato a gennaio\u201d<\/title>\n<meta name=\"robots\" content=\"index, follow, max-snippet:-1, max-image-preview:large, max-video-preview:-1\" \/>\n<link rel=\"canonical\" href=\"https:\/\/www.ferrycroatia.com\/it\/primo-ministro-croato-il-ponte-di-peljesac-sara-completato-a-gennaio\/\" \/>\n<meta property=\"og:locale\" content=\"en_US\" \/>\n<meta property=\"og:type\" content=\"article\" \/>\n<meta property=\"og:title\" content=\"Primo ministro croato: \u201cIl ponte di Pelje\u0161ac sar\u00e0 completato a gennaio\u201d\" \/>\n<meta property=\"og:description\" content=\"Dopo la sua visita al cantiere del ponte di Pelje\u0161ac, il Primo ministro croato Andrej Plenkovic ha affermato che il ponte sar\u00e0 completato verso la fine di gennaio. Anche le strade di accesso sono prossime alla fine dei lavori. Il Primo ministro ha anche aggiunto che la terza e la quarta fase sono sulla buona [&hellip;] Continue reading...\" \/>\n<meta property=\"og:url\" content=\"https:\/\/www.ferrycroatia.com\/it\/primo-ministro-croato-il-ponte-di-peljesac-sara-completato-a-gennaio\/\" \/>\n<meta property=\"og:site_name\" content=\"Traghetto Croazia\" \/>\n<meta property=\"article:published_time\" content=\"2022-02-09T08:00:00+00:00\" \/>\n<meta property=\"article:modified_time\" content=\"2022-02-08T19:24:08+00:00\" \/>\n<meta property=\"og:image\" content=\"https:\/\/www.ferrycroatia.com\/it\/wp-content\/uploads\/2022\/02\/Peljesac-Ston-870x400-1.jpg\" \/>\n\t<meta property=\"og:image:width\" content=\"870\" \/>\n\t<meta property=\"og:image:height\" content=\"400\" \/>\n\t<meta property=\"og:image:type\" content=\"image\/jpeg\" \/>\n<meta name=\"author\" content=\"Danijela\" \/>\n<meta name=\"twitter:card\" content=\"summary_large_image\" \/>\n<meta name=\"twitter:label1\" content=\"Written by\" \/>\n\t<meta name=\"twitter:data1\" content=\"Danijela\" \/>\n\t<meta name=\"twitter:label2\" content=\"Est. reading time\" \/>\n\t<meta name=\"twitter:data2\" content=\"1 minute\" \/>\n<script type=\"application\/ld+json\" class=\"yoast-schema-graph\">{\"@context\":\"https:\/\/schema.org\",\"@graph\":[{\"@type\":\"WebPage\",\"@id\":\"https:\/\/www.ferrycroatia.com\/it\/primo-ministro-croato-il-ponte-di-peljesac-sara-completato-a-gennaio\/\",\"url\":\"https:\/\/www.ferrycroatia.com\/it\/primo-ministro-croato-il-ponte-di-peljesac-sara-completato-a-gennaio\/\",\"name\":\"Primo ministro croato: \u201cIl ponte di Pelje\u0161ac sar\u00e0 completato a gennaio\u201d\",\"isPartOf\":{\"@id\":\"https:\/\/www.ferrycroatia.com\/it\/#website\"},\"datePublished\":\"2022-02-09T08:00:00+00:00\",\"dateModified\":\"2022-02-08T19:24:08+00:00\",\"author\":{\"@id\":\"https:\/\/www.ferrycroatia.com\/it\/#\/schema\/person\/59540d83d15bca8691e16409dc2d192a\"},\"breadcrumb\":{\"@id\":\"https:\/\/www.ferrycroatia.com\/it\/primo-ministro-croato-il-ponte-di-peljesac-sara-completato-a-gennaio\/#breadcrumb\"},\"inLanguage\":\"en-US\",\"potentialAction\":[{\"@type\":\"ReadAction\",\"target\":[\"https:\/\/www.ferrycroatia.com\/it\/primo-ministro-croato-il-ponte-di-peljesac-sara-completato-a-gennaio\/\"]}]},{\"@type\":\"BreadcrumbList\",\"@id\":\"https:\/\/www.ferrycroatia.com\/it\/primo-ministro-croato-il-ponte-di-peljesac-sara-completato-a-gennaio\/#breadcrumb\",\"itemListElement\":[{\"@type\":\"ListItem\",\"position\":1,\"name\":\"Home\",\"item\":\"https:\/\/www.ferrycroatia.com\/it\/\"},{\"@type\":\"ListItem\",\"position\":2,\"name\":\"Primo ministro croato: \u201cIl ponte di Pelje\u0161ac sar\u00e0 completato a gennaio\u201d\"}]},{\"@type\":\"WebSite\",\"@id\":\"https:\/\/www.ferrycroatia.com\/it\/#website\",\"url\":\"https:\/\/www.ferrycroatia.com\/it\/\",\"name\":\"Traghetto Croazia\",\"description\":\"Info e orari per tutti i catamarani e traghetti in Croazia\",\"potentialAction\":[{\"@type\":\"SearchAction\",\"target\":{\"@type\":\"EntryPoint\",\"urlTemplate\":\"https:\/\/www.ferrycroatia.com\/it\/?s={search_term_string}\"},\"query-input\":\"required name=search_term_string\"}],\"inLanguage\":\"en-US\"},{\"@type\":\"Person\",\"@id\":\"https:\/\/www.ferrycroatia.com\/it\/#\/schema\/person\/59540d83d15bca8691e16409dc2d192a\",\"name\":\"Danijela\",\"image\":{\"@type\":\"ImageObject\",\"inLanguage\":\"en-US\",\"@id\":\"https:\/\/www.ferrycroatia.com\/it\/#\/schema\/person\/image\/\",\"url\":\"https:\/\/secure.gravatar.com\/avatar\/270b0843cf020e73b8ac80cd0363334c?s=96&d=mm&r=g\",\"contentUrl\":\"https:\/\/secure.gravatar.com\/avatar\/270b0843cf020e73b8ac80cd0363334c?s=96&d=mm&r=g\",\"caption\":\"Danijela\"},\"url\":\"https:\/\/www.ferrycroatia.com\/it\/author\/dperis\/\"}]}<\/script>\n<!-- \/ Yoast SEO plugin. -->","yoast_head_json":{"title":"Primo ministro croato: \u201cIl ponte di Pelje\u0161ac sar\u00e0 completato a gennaio\u201d","robots":{"index":"index","follow":"follow","max-snippet":"max-snippet:-1","max-image-preview":"max-image-preview:large","max-video-preview":"max-video-preview:-1"},"canonical":"https:\/\/www.ferrycroatia.com\/it\/primo-ministro-croato-il-ponte-di-peljesac-sara-completato-a-gennaio\/","og_locale":"en_US","og_type":"article","og_title":"Primo ministro croato: \u201cIl ponte di Pelje\u0161ac sar\u00e0 completato a gennaio\u201d","og_description":"Dopo la sua visita al cantiere del ponte di Pelje\u0161ac, il Primo ministro croato Andrej Plenkovic ha affermato che il ponte sar\u00e0 completato verso la fine di gennaio. Anche le strade di accesso sono prossime alla fine dei lavori. Il Primo ministro ha anche aggiunto che la terza e la quarta fase sono sulla buona [&hellip;] Continue reading...","og_url":"https:\/\/www.ferrycroatia.com\/it\/primo-ministro-croato-il-ponte-di-peljesac-sara-completato-a-gennaio\/","og_site_name":"Traghetto Croazia","article_published_time":"2022-02-09T08:00:00+00:00","article_modified_time":"2022-02-08T19:24:08+00:00","og_image":[{"width":870,"height":400,"url":"https:\/\/www.ferrycroatia.com\/it\/wp-content\/uploads\/2022\/02\/Peljesac-Ston-870x400-1.jpg","type":"image\/jpeg"}],"author":"Danijela","twitter_card":"summary_large_image","twitter_misc":{"Written by":"Danijela","Est. reading time":"1 minute"},"schema":{"@context":"https:\/\/schema.org","@graph":[{"@type":"WebPage","@id":"https:\/\/www.ferrycroatia.com\/it\/primo-ministro-croato-il-ponte-di-peljesac-sara-completato-a-gennaio\/","url":"https:\/\/www.ferrycroatia.com\/it\/primo-ministro-croato-il-ponte-di-peljesac-sara-completato-a-gennaio\/","name":"Primo ministro croato: \u201cIl ponte di Pelje\u0161ac sar\u00e0 completato a gennaio\u201d","isPartOf":{"@id":"https:\/\/www.ferrycroatia.com\/it\/#website"},"datePublished":"2022-02-09T08:00:00+00:00","dateModified":"2022-02-08T19:24:08+00:00","author":{"@id":"https:\/\/www.ferrycroatia.com\/it\/#\/schema\/person\/59540d83d15bca8691e16409dc2d192a"},"breadcrumb":{"@id":"https:\/\/www.ferrycroatia.com\/it\/primo-ministro-croato-il-ponte-di-peljesac-sara-completato-a-gennaio\/#breadcrumb"},"inLanguage":"en-US","potentialAction":[{"@type":"ReadAction","target":["https:\/\/www.ferrycroatia.com\/it\/primo-ministro-croato-il-ponte-di-peljesac-sara-completato-a-gennaio\/"]}]},{"@type":"BreadcrumbList","@id":"https:\/\/www.ferrycroatia.com\/it\/primo-ministro-croato-il-ponte-di-peljesac-sara-completato-a-gennaio\/#breadcrumb","itemListElement":[{"@type":"ListItem","position":1,"name":"Home","item":"https:\/\/www.ferrycroatia.com\/it\/"},{"@type":"ListItem","position":2,"name":"Primo ministro croato: \u201cIl ponte di Pelje\u0161ac sar\u00e0 completato a gennaio\u201d"}]},{"@type":"WebSite","@id":"https:\/\/www.ferrycroatia.com\/it\/#website","url":"https:\/\/www.ferrycroatia.com\/it\/","name":"Traghetto Croazia","description":"Info e orari per tutti i catamarani e traghetti in Croazia","potentialAction":[{"@type":"SearchAction","target":{"@type":"EntryPoint","urlTemplate":"https:\/\/www.ferrycroatia.com\/it\/?s={search_term_string}"},"query-input":"required name=search_term_string"}],"inLanguage":"en-US"},{"@type":"Person","@id":"https:\/\/www.ferrycroatia.com\/it\/#\/schema\/person\/59540d83d15bca8691e16409dc2d192a","name":"Danijela","image":{"@type":"ImageObject","inLanguage":"en-US","@id":"https:\/\/www.ferrycroatia.com\/it\/#\/schema\/person\/image\/","url":"https:\/\/secure.gravatar.com\/avatar\/270b0843cf020e73b8ac80cd0363334c?s=96&d=mm&r=g","contentUrl":"https:\/\/secure.gravatar.com\/avatar\/270b0843cf020e73b8ac80cd0363334c?s=96&d=mm&r=g","caption":"Danijela"},"url":"https:\/\/www.ferrycroatia.com\/it\/author\/dperis\/"}]}},"_links":{"self":[{"href":"https:\/\/www.ferrycroatia.com\/it\/wp-json\/wp\/v2\/posts\/3262"}],"collection":[{"href":"https:\/\/www.ferrycroatia.com\/it\/wp-json\/wp\/v2\/posts"}],"about":[{"href":"https:\/\/www.ferrycroatia.com\/it\/wp-json\/wp\/v2\/types\/post"}],"author":[{"embeddable":true,"href":"https:\/\/www.ferrycroatia.com\/it\/wp-json\/wp\/v2\/users\/5"}],"replies":[{"embeddable":true,"href":"https:\/\/www.ferrycroatia.com\/it\/wp-json\/wp\/v2\/comments?post=3262"}],"version-history":[{"count":2,"href":"https:\/\/www.ferrycroatia.com\/it\/wp-json\/wp\/v2\/posts\/3262\/revisions"}],"predecessor-version":[{"id":3265,"href":"https:\/\/www.ferrycroatia.com\/it\/wp-json\/wp\/v2\/posts\/3262\/revisions\/3265"}],"wp:featuredmedia":[{"embeddable":true,"href":"https:\/\/www.ferrycroatia.com\/it\/wp-json\/wp\/v2\/media\/3264"}],"wp:attachment":[{"href":"https:\/\/www.ferrycroatia.com\/it\/wp-json\/wp\/v2\/media?parent=3262"}],"wp:term":[{"taxonomy":"category","embeddable":true,"href":"https:\/\/www.ferrycroatia.com\/it\/wp-json\/wp\/v2\/categories?post=3262"},{"taxonomy":"post_tag","embeddable":true,"href":"https:\/\/www.ferrycroatia.com\/it\/wp-json\/wp\/v2\/tags?post=3262"}],"curies":[{"name":"wp","href":"https:\/\/api.w.org\/{rel}","templated":true}]}}