{"id":3654,"date":"2024-02-19T09:55:00","date_gmt":"2024-02-19T08:55:00","guid":{"rendered":"https:\/\/www.ferrycroatia.com\/it\/?p=3654"},"modified":"2024-02-19T09:55:00","modified_gmt":"2024-02-19T08:55:00","slug":"e-iniziata-la-vendita-dei-biglietti-per-la-tratta-zara-ancona","status":"publish","type":"post","link":"https:\/\/www.ferrycroatia.com\/it\/e-iniziata-la-vendita-dei-biglietti-per-la-tratta-zara-ancona\/","title":{"rendered":"\u00c8 iniziata la vendita dei biglietti per la tratta Zara-Ancona"},"content":{"rendered":"<p>La compagnia nazionale di traghetti <a href=\"https:\/\/www.ferrycroatia.com\/it\/jadrolinija\/\">Jadrolinija<\/a> sta iniziando la costruzione di nuove navi in \u200b\u200bun nuovo ciclo di investimenti. Nella prima fase ci saranno tre nuove barche elettriche, mentre la seconda fase prevede la progettazione di un nuovo traghetto a doppia rotta destinato a collegare la parte meridionale di Dugi Otok con il porto passeggeri di Ga\u017eenica. Gli zaratini si chiedono gi\u00e0 come questa stagione la citt\u00e0 sar\u00e0 collegata via mare alla citt\u00e0 italiana di Ancona.<\/p>\n<p>Che la Jadrolinija sta acquistando tre nuove barche elettriche \u00e8 noto da tempo, ma molti sono rimasti sorpresi dal fatto che si sta procedendo con la progettazione di un traghetto anche per un&#8217;altra linea tra Zara e Dugi Otok, precisamente tra Ga\u017eenica e Zaglav. Si tratter\u00e0 di un traghetto a doppia rotta con propulsione ibrida diesel-elettrica, con una capacit\u00e0 di 80 veicoli e 500 passeggeri, e una velocit\u00e0 di 13 nodi.<\/p>\n<p>Inoltre, la Jadrolinija sta lavorando da quasi un anno all&#8217;acquisto di una barca che, insieme alla Marco Polo, dovrebbe collegare le coste croate e italiane. La scorsa stagione la Marco Polo ha navigato da Zara e Spalato per Ancona, nonch\u00e9 da Dubrovnik per Bari.<\/p>\n<p>La vendita dei biglietti per la linea Zara-Ancona \u00e8 gi\u00e0 iniziata e la nave effettuer\u00e0 la navigazione tra le due citt\u00e0 due volte a settimana dal 28 giugno al 6 settembre.<\/p>\n<p>Fonti: <a href=\"https:\/\/radio.hrt.hr\/radio-zadar\/vijesti\/pocela-prodaja-karata-za-liniju-zadar-ancona-11318465\">radio.hrt.hr<\/a><\/p>\n","protected":false},"excerpt":{"rendered":"<p>La compagnia nazionale di traghetti Jadrolinija sta iniziando la costruzione di nuove navi in \u200b\u200bun nuovo ciclo di investimenti. Nella prima fase ci saranno tre nuove barche elettriche, mentre la seconda fase prevede la progettazione di un nuovo traghetto a doppia rotta destinato a collegare la parte meridionale di Dugi Otok con il porto passeggeri [&hellip;]<\/p>\n<p><a class=\"more-link\" href=\"https:\/\/www.ferrycroatia.com\/it\/e-iniziata-la-vendita-dei-biglietti-per-la-tratta-zara-ancona\/\"> Continue reading&#8230;<\/a><\/p>\n","protected":false},"author":1,"featured_media":0,"comment_status":"closed","ping_status":"open","sticky":false,"template":"","format":"standard","meta":[],"categories":[1],"tags":[],"yoast_head":"<!-- This site is optimized with the Yoast SEO plugin v19.8 - https:\/\/yoast.com\/wordpress\/plugins\/seo\/ -->\n<title>\u00c8 iniziata la vendita dei biglietti per la tratta Zara-Ancona - Traghetto Croazia<\/title>\n<meta name=\"robots\" content=\"index, follow, max-snippet:-1, max-image-preview:large, max-video-preview:-1\" \/>\n<link rel=\"canonical\" href=\"https:\/\/www.ferrycroatia.com\/it\/e-iniziata-la-vendita-dei-biglietti-per-la-tratta-zara-ancona\/\" \/>\n<meta property=\"og:locale\" content=\"en_US\" \/>\n<meta property=\"og:type\" content=\"article\" \/>\n<meta property=\"og:title\" content=\"\u00c8 iniziata la vendita dei biglietti per la tratta Zara-Ancona - Traghetto Croazia\" \/>\n<meta property=\"og:description\" content=\"La compagnia nazionale di traghetti Jadrolinija sta iniziando la costruzione di nuove navi in \u200b\u200bun nuovo ciclo di investimenti. Nella prima fase ci saranno tre nuove barche elettriche, mentre la seconda fase prevede la progettazione di un nuovo traghetto a doppia rotta destinato a collegare la parte meridionale di Dugi Otok con il porto passeggeri [&hellip;] Continue reading...\" \/>\n<meta property=\"og:url\" content=\"https:\/\/www.ferrycroatia.com\/it\/e-iniziata-la-vendita-dei-biglietti-per-la-tratta-zara-ancona\/\" \/>\n<meta property=\"og:site_name\" content=\"Traghetto Croazia\" \/>\n<meta property=\"article:published_time\" content=\"2024-02-19T08:55:00+00:00\" \/>\n<meta name=\"author\" content=\"Morten Smalby\" \/>\n<meta name=\"twitter:card\" content=\"summary_large_image\" \/>\n<meta name=\"twitter:creator\" content=\"@Ferryadmin\" \/>\n<meta name=\"twitter:label1\" content=\"Written by\" \/>\n\t<meta name=\"twitter:data1\" content=\"Morten Smalby\" \/>\n\t<meta name=\"twitter:label2\" content=\"Est. reading time\" \/>\n\t<meta name=\"twitter:data2\" content=\"1 minute\" \/>\n<script type=\"application\/ld+json\" class=\"yoast-schema-graph\">{\"@context\":\"https:\/\/schema.org\",\"@graph\":[{\"@type\":\"WebPage\",\"@id\":\"https:\/\/www.ferrycroatia.com\/it\/e-iniziata-la-vendita-dei-biglietti-per-la-tratta-zara-ancona\/\",\"url\":\"https:\/\/www.ferrycroatia.com\/it\/e-iniziata-la-vendita-dei-biglietti-per-la-tratta-zara-ancona\/\",\"name\":\"\u00c8 iniziata la vendita dei biglietti per la tratta Zara-Ancona - Traghetto Croazia\",\"isPartOf\":{\"@id\":\"https:\/\/www.ferrycroatia.com\/it\/#website\"},\"datePublished\":\"2024-02-19T08:55:00+00:00\",\"dateModified\":\"2024-02-19T08:55:00+00:00\",\"author\":{\"@id\":\"https:\/\/www.ferrycroatia.com\/it\/#\/schema\/person\/4ba545cc2e4126fb66d58d4f96574bd7\"},\"breadcrumb\":{\"@id\":\"https:\/\/www.ferrycroatia.com\/it\/e-iniziata-la-vendita-dei-biglietti-per-la-tratta-zara-ancona\/#breadcrumb\"},\"inLanguage\":\"en-US\",\"potentialAction\":[{\"@type\":\"ReadAction\",\"target\":[\"https:\/\/www.ferrycroatia.com\/it\/e-iniziata-la-vendita-dei-biglietti-per-la-tratta-zara-ancona\/\"]}]},{\"@type\":\"BreadcrumbList\",\"@id\":\"https:\/\/www.ferrycroatia.com\/it\/e-iniziata-la-vendita-dei-biglietti-per-la-tratta-zara-ancona\/#breadcrumb\",\"itemListElement\":[{\"@type\":\"ListItem\",\"position\":1,\"name\":\"Home\",\"item\":\"https:\/\/www.ferrycroatia.com\/it\/\"},{\"@type\":\"ListItem\",\"position\":2,\"name\":\"\u00c8 iniziata la vendita dei biglietti per la tratta Zara-Ancona\"}]},{\"@type\":\"WebSite\",\"@id\":\"https:\/\/www.ferrycroatia.com\/it\/#website\",\"url\":\"https:\/\/www.ferrycroatia.com\/it\/\",\"name\":\"Traghetto Croazia\",\"description\":\"Info e orari per tutti i catamarani e traghetti in Croazia\",\"potentialAction\":[{\"@type\":\"SearchAction\",\"target\":{\"@type\":\"EntryPoint\",\"urlTemplate\":\"https:\/\/www.ferrycroatia.com\/it\/?s={search_term_string}\"},\"query-input\":\"required name=search_term_string\"}],\"inLanguage\":\"en-US\"},{\"@type\":\"Person\",\"@id\":\"https:\/\/www.ferrycroatia.com\/it\/#\/schema\/person\/4ba545cc2e4126fb66d58d4f96574bd7\",\"name\":\"Morten Smalby\",\"image\":{\"@type\":\"ImageObject\",\"inLanguage\":\"en-US\",\"@id\":\"https:\/\/www.ferrycroatia.com\/it\/#\/schema\/person\/image\/\",\"url\":\"https:\/\/secure.gravatar.com\/avatar\/46f00d085a2448a54f228a764c9d007a?s=96&d=mm&r=g\",\"contentUrl\":\"https:\/\/secure.gravatar.com\/avatar\/46f00d085a2448a54f228a764c9d007a?s=96&d=mm&r=g\",\"caption\":\"Morten Smalby\"},\"sameAs\":[\"https:\/\/twitter.com\/Ferryadmin\"],\"url\":\"https:\/\/www.ferrycroatia.com\/it\/author\/ferryadmin\/\"}]}<\/script>\n<!-- \/ Yoast SEO plugin. -->","yoast_head_json":{"title":"\u00c8 iniziata la vendita dei biglietti per la tratta Zara-Ancona - Traghetto Croazia","robots":{"index":"index","follow":"follow","max-snippet":"max-snippet:-1","max-image-preview":"max-image-preview:large","max-video-preview":"max-video-preview:-1"},"canonical":"https:\/\/www.ferrycroatia.com\/it\/e-iniziata-la-vendita-dei-biglietti-per-la-tratta-zara-ancona\/","og_locale":"en_US","og_type":"article","og_title":"\u00c8 iniziata la vendita dei biglietti per la tratta Zara-Ancona - Traghetto Croazia","og_description":"La compagnia nazionale di traghetti Jadrolinija sta iniziando la costruzione di nuove navi in \u200b\u200bun nuovo ciclo di investimenti. Nella prima fase ci saranno tre nuove barche elettriche, mentre la seconda fase prevede la progettazione di un nuovo traghetto a doppia rotta destinato a collegare la parte meridionale di Dugi Otok con il porto passeggeri [&hellip;] Continue reading...","og_url":"https:\/\/www.ferrycroatia.com\/it\/e-iniziata-la-vendita-dei-biglietti-per-la-tratta-zara-ancona\/","og_site_name":"Traghetto Croazia","article_published_time":"2024-02-19T08:55:00+00:00","author":"Morten Smalby","twitter_card":"summary_large_image","twitter_creator":"@Ferryadmin","twitter_misc":{"Written by":"Morten Smalby","Est. reading time":"1 minute"},"schema":{"@context":"https:\/\/schema.org","@graph":[{"@type":"WebPage","@id":"https:\/\/www.ferrycroatia.com\/it\/e-iniziata-la-vendita-dei-biglietti-per-la-tratta-zara-ancona\/","url":"https:\/\/www.ferrycroatia.com\/it\/e-iniziata-la-vendita-dei-biglietti-per-la-tratta-zara-ancona\/","name":"\u00c8 iniziata la vendita dei biglietti per la tratta Zara-Ancona - Traghetto Croazia","isPartOf":{"@id":"https:\/\/www.ferrycroatia.com\/it\/#website"},"datePublished":"2024-02-19T08:55:00+00:00","dateModified":"2024-02-19T08:55:00+00:00","author":{"@id":"https:\/\/www.ferrycroatia.com\/it\/#\/schema\/person\/4ba545cc2e4126fb66d58d4f96574bd7"},"breadcrumb":{"@id":"https:\/\/www.ferrycroatia.com\/it\/e-iniziata-la-vendita-dei-biglietti-per-la-tratta-zara-ancona\/#breadcrumb"},"inLanguage":"en-US","potentialAction":[{"@type":"ReadAction","target":["https:\/\/www.ferrycroatia.com\/it\/e-iniziata-la-vendita-dei-biglietti-per-la-tratta-zara-ancona\/"]}]},{"@type":"BreadcrumbList","@id":"https:\/\/www.ferrycroatia.com\/it\/e-iniziata-la-vendita-dei-biglietti-per-la-tratta-zara-ancona\/#breadcrumb","itemListElement":[{"@type":"ListItem","position":1,"name":"Home","item":"https:\/\/www.ferrycroatia.com\/it\/"},{"@type":"ListItem","position":2,"name":"\u00c8 iniziata la vendita dei biglietti per la tratta Zara-Ancona"}]},{"@type":"WebSite","@id":"https:\/\/www.ferrycroatia.com\/it\/#website","url":"https:\/\/www.ferrycroatia.com\/it\/","name":"Traghetto Croazia","description":"Info e orari per tutti i catamarani e traghetti in Croazia","potentialAction":[{"@type":"SearchAction","target":{"@type":"EntryPoint","urlTemplate":"https:\/\/www.ferrycroatia.com\/it\/?s={search_term_string}"},"query-input":"required name=search_term_string"}],"inLanguage":"en-US"},{"@type":"Person","@id":"https:\/\/www.ferrycroatia.com\/it\/#\/schema\/person\/4ba545cc2e4126fb66d58d4f96574bd7","name":"Morten Smalby","image":{"@type":"ImageObject","inLanguage":"en-US","@id":"https:\/\/www.ferrycroatia.com\/it\/#\/schema\/person\/image\/","url":"https:\/\/secure.gravatar.com\/avatar\/46f00d085a2448a54f228a764c9d007a?s=96&d=mm&r=g","contentUrl":"https:\/\/secure.gravatar.com\/avatar\/46f00d085a2448a54f228a764c9d007a?s=96&d=mm&r=g","caption":"Morten Smalby"},"sameAs":["https:\/\/twitter.com\/Ferryadmin"],"url":"https:\/\/www.ferrycroatia.com\/it\/author\/ferryadmin\/"}]}},"_links":{"self":[{"href":"https:\/\/www.ferrycroatia.com\/it\/wp-json\/wp\/v2\/posts\/3654"}],"collection":[{"href":"https:\/\/www.ferrycroatia.com\/it\/wp-json\/wp\/v2\/posts"}],"about":[{"href":"https:\/\/www.ferrycroatia.com\/it\/wp-json\/wp\/v2\/types\/post"}],"author":[{"embeddable":true,"href":"https:\/\/www.ferrycroatia.com\/it\/wp-json\/wp\/v2\/users\/1"}],"replies":[{"embeddable":true,"href":"https:\/\/www.ferrycroatia.com\/it\/wp-json\/wp\/v2\/comments?post=3654"}],"version-history":[{"count":1,"href":"https:\/\/www.ferrycroatia.com\/it\/wp-json\/wp\/v2\/posts\/3654\/revisions"}],"predecessor-version":[{"id":3655,"href":"https:\/\/www.ferrycroatia.com\/it\/wp-json\/wp\/v2\/posts\/3654\/revisions\/3655"}],"wp:attachment":[{"href":"https:\/\/www.ferrycroatia.com\/it\/wp-json\/wp\/v2\/media?parent=3654"}],"wp:term":[{"taxonomy":"category","embeddable":true,"href":"https:\/\/www.ferrycroatia.com\/it\/wp-json\/wp\/v2\/categories?post=3654"},{"taxonomy":"post_tag","embeddable":true,"href":"https:\/\/www.ferrycroatia.com\/it\/wp-json\/wp\/v2\/tags?post=3654"}],"curies":[{"name":"wp","href":"https:\/\/api.w.org\/{rel}","templated":true}]}}